{"id":182,"date":"2017-03-01T19:33:15","date_gmt":"2017-03-01T17:33:15","guid":{"rendered":"http:\/\/aianduskool.ee\/soprusetera\/?p=182"},"modified":"2017-04-03T10:49:53","modified_gmt":"2017-04-03T07:49:53","slug":"konkurss-liblikoieline-6-03-2-04-2017","status":"publish","type":"post","link":"https:\/\/aianduskool.ee\/soprusetera\/2017\/03\/01\/konkurss-liblikoieline-6-03-2-04-2017\/","title":{"rendered":"Konkurss &#8220;Liblik\u00f5ieline&#8221; 6.03.-2.04.2017"},"content":{"rendered":"<p>Meie projekti peategelaseks on aedhernes, kes oma eriliste \u00f5ite t\u00f5ttu kuulub sugukonda liblik\u00f5ielised. \u00a0Konkursi &#8220;Liblik\u00f5ieline&#8221; t\u00f6\u00f6ks on oodatud erit\u00fc\u00fcpi loovt\u00f6\u00f6d (jutud, luuletused, fotod, joonistused, kollaa\u017eid, animatsioonid vms), mis on inspireeritud herne \u00f5iest ja s\u00f5nast liblik\u00f5is.<\/p>\n<p>V\u00e4ga hea\u00a0konkursit\u00f6\u00f6:<br \/>\n* on avaldatud digitaalselt (blogi, Dropbox vm),<br \/>\n* on inspireeritud konkursi teemast (herne \u00f5is, s\u00f5na liblik\u00f5is),<br \/>\n* t\u00f6\u00f6 juurde on lisatud autori, r\u00fchma\/ klassi, juhendaja ja asutuse nimi.<\/p>\n<p>Link konkursit\u00f6\u00f6le saada hiljemalt\u00a0<span style=\"color: #ccffcc;\"><strong>2<\/strong><b>. aprillil 2017<\/b><\/span>\u00a0selle postituse kommentaaridesse.<\/p>\n<p><span style=\"color: #ccffcc;\"><strong>Konkursit\u00f6\u00f6de esitamine on l\u00f5ppenud! Ait\u00e4h!<\/strong><\/span><\/p>\n<p>Inspiratsiooniks \u00fcks herne \u00f5is koos \u00f5ieosade nimedega<\/p>\n<p><img loading=\"lazy\" decoding=\"async\" class=\"alignnone wp-image-224\" src=\"http:\/\/aianduskool.ee\/soprusetera\/wp-content\/uploads\/2017\/03\/heren_ois2-300x237.png\" width=\"450\" height=\"355\" srcset=\"https:\/\/aianduskool.ee\/soprusetera\/wp-content\/uploads\/2017\/03\/heren_ois2-300x237.png 300w, https:\/\/aianduskool.ee\/soprusetera\/wp-content\/uploads\/2017\/03\/heren_ois2-768x606.png 768w, https:\/\/aianduskool.ee\/soprusetera\/wp-content\/uploads\/2017\/03\/heren_ois2.png 799w\" sizes=\"auto, (max-width: 450px) 100vw, 450px\" \/><img loading=\"lazy\" decoding=\"async\" class=\"alignnone size-medium wp-image-215\" src=\"http:\/\/aianduskool.ee\/soprusetera\/wp-content\/uploads\/2017\/03\/00-oied2-213x300.png\" alt=\"\" width=\"213\" height=\"300\" srcset=\"https:\/\/aianduskool.ee\/soprusetera\/wp-content\/uploads\/2017\/03\/00-oied2-213x300.png 213w, https:\/\/aianduskool.ee\/soprusetera\/wp-content\/uploads\/2017\/03\/00-oied2.png 349w\" sizes=\"auto, (max-width: 213px) 100vw, 213px\" \/><\/p>\n<p><img loading=\"lazy\" decoding=\"async\" class=\"alignnone wp-image-214\" src=\"http:\/\/aianduskool.ee\/soprusetera\/wp-content\/uploads\/2017\/02\/6-300x200.jpg\" width=\"450\" height=\"300\" srcset=\"https:\/\/aianduskool.ee\/soprusetera\/wp-content\/uploads\/2017\/02\/6-300x200.jpg 300w, https:\/\/aianduskool.ee\/soprusetera\/wp-content\/uploads\/2017\/02\/6-768x512.jpg 768w, https:\/\/aianduskool.ee\/soprusetera\/wp-content\/uploads\/2017\/02\/6.jpg 900w\" sizes=\"auto, (max-width: 450px) 100vw, 450px\" \/><\/p>\n<p><em>Fotode allikad:<\/em><br \/>\n<a href=\"https:\/\/biology-forums.com\/gallery\/33_27_06_11_6_39_48.jpeg\" target=\"_blank\">https:\/\/biology-forums.com\/gallery\/33_27_06_ 11_6_39_48.jpeg<\/a><br \/>\n<a href=\"http:\/\/fitoapteka.org\/herbs-g\/1400-pisum-sativum\" target=\"_blank\">http:\/\/fitoapteka.org\/herbs-g\/1400-pisum-sativum<\/a><br \/>\n<a href=\"http:\/\/bio.edu.ee\/taimed\/general\/oiekuju.htm\" target=\"_blank\">http:\/\/bio.edu.ee\/taimed\/general\/oiekuju.htm<\/a><\/p>\n","protected":false},"excerpt":{"rendered":"<p>Meie projekti peategelaseks on aedhernes, kes oma eriliste \u00f5ite t\u00f5ttu kuulub sugukonda liblik\u00f5ielised. \u00a0Konkursi &#8220;Liblik\u00f5ieline&#8221; t\u00f6\u00f6ks on oodatud erit\u00fc\u00fcpi loovt\u00f6\u00f6d (jutud, luuletused, fotod, joonistused, kollaa\u017eid, animatsioonid vms), mis on inspireeritud herne \u00f5iest ja s\u00f5nast liblik\u00f5is. V\u00e4ga hea\u00a0konkursit\u00f6\u00f6: * on avaldatud digitaalselt (blogi, Dropbox vm), * on inspireeritud konkursi teemast (herne \u00f5is, s\u00f5na liblik\u00f5is), * t\u00f6\u00f6 juurde on lisatud autori, r\u00fchma\/ klassi, juhendaja ja asutuse nimi. Link konkursit\u00f6\u00f6le saada hiljemalt\u00a02. aprillil 2017\u00a0selle postituse kommentaaridesse. Konkursit\u00f6\u00f6de esitamine on l\u00f5ppenud! Ait\u00e4h! Inspiratsiooniks \u00fcks herne \u00f5is koos \u00f5ieosade nimedega Fotode allikad: https:\/\/biology-forums.com\/gallery\/33_27_06_ 11_6_39_48.jpeg http:\/\/fitoapteka.org\/herbs-g\/1400-pisum-sativum http:\/\/bio.edu.ee\/taimed\/general\/oiekuju.htm<\/p>\n","protected":false},"author":2,"featured_media":0,"comment_status":"closed","ping_status":"closed","sticky":false,"template":"","format":"standard","meta":{"footnotes":""},"categories":[1],"tags":[],"class_list":["post-182","post","type-post","status-publish","format-standard","hentry","category-maaratlemata"],"_links":{"self":[{"href":"https:\/\/aianduskool.ee\/soprusetera\/wp-json\/wp\/v2\/posts\/182","targetHints":{"allow":["GET"]}}],"collection":[{"href":"https:\/\/aianduskool.ee\/soprusetera\/wp-json\/wp\/v2\/posts"}],"about":[{"href":"https:\/\/aianduskool.ee\/soprusetera\/wp-json\/wp\/v2\/types\/post"}],"author":[{"embeddable":true,"href":"https:\/\/aianduskool.ee\/soprusetera\/wp-json\/wp\/v2\/users\/2"}],"replies":[{"embeddable":true,"href":"https:\/\/aianduskool.ee\/soprusetera\/wp-json\/wp\/v2\/comments?post=182"}],"version-history":[{"count":5,"href":"https:\/\/aianduskool.ee\/soprusetera\/wp-json\/wp\/v2\/posts\/182\/revisions"}],"predecessor-version":[{"id":364,"href":"https:\/\/aianduskool.ee\/soprusetera\/wp-json\/wp\/v2\/posts\/182\/revisions\/364"}],"wp:attachment":[{"href":"https:\/\/aianduskool.ee\/soprusetera\/wp-json\/wp\/v2\/media?parent=182"}],"wp:term":[{"taxonomy":"category","embeddable":true,"href":"https:\/\/aianduskool.ee\/soprusetera\/wp-json\/wp\/v2\/categories?post=182"},{"taxonomy":"post_tag","embeddable":true,"href":"https:\/\/aianduskool.ee\/soprusetera\/wp-json\/wp\/v2\/tags?post=182"}],"curies":[{"name":"wp","href":"https:\/\/api.w.org\/{rel}","templated":true}]}}