{"id":334,"date":"2017-03-19T10:17:49","date_gmt":"2017-03-19T08:17:49","guid":{"rendered":"http:\/\/aianduskool.ee\/soprusetera\/?p=334"},"modified":"2017-03-19T10:17:49","modified_gmt":"2017-03-19T08:17:49","slug":"3-nadala-kokkuvote","status":"publish","type":"post","link":"https:\/\/aianduskool.ee\/soprusetera\/2017\/03\/19\/3-nadala-kokkuvote\/","title":{"rendered":"3. n\u00e4dala kokkuv\u00f5te"},"content":{"rendered":"<p>Head s\u00f5brad!<\/p>\n<p>Juba kolmas\u00a0projekti n\u00e4dal on m\u00f6\u00f6da saanud. V\u00f5tame taas n\u00e4dala kokku ja vaatame natuke tagasi ja ka edasi&#8230;<\/p>\n<p>Kolmas n\u00e4dal on pea k\u00f5ikidele s\u00f5pradele kaasa toonud esimesed m\u00e4rgid hernetaimede kasvamisest. Vaadake vaid kaaslaste blogidesse! R\u00f5\u00f5mu on palju, nii tegevustest kui ka tulemustest. Kahjuks on ka kurvemaid uudiseid. M\u00f5ned t\u00f6\u00f6komplektide pakid on R\u00e4pinasse tagasitee leidnud. P\u00f5hjuseks &#8211; hoiut\u00e4htaja \u00fcletamine. Siin teeme kindlasti individuaalsed kokkulepped, kuidas edasi&#8230;<\/p>\n<p>Kolmanda n\u00e4dala k\u00fcsimuses uurisime kuidas nimetatakse hernetaime kooskasvamist m\u00fcgarbakteritega? Etteantud valikuteks oli antud s\u00f5nad s\u00fcndroom, s\u00fcmbioos, s\u00fcmfoonia ja s\u00fcmpaatia. Kindlasti k\u00e4ivitus suur nuputamine, m\u00f5istatamine ja uurimine. Pakutud s\u00f5nad on ju nii sarnased ja t\u00e4hendavad midagi. \u00d5ige vastuse saab aga teada j\u00e4rgmisel n\u00e4dalal.<\/p>\n<p>Praegu teeme teatavaks hoopis teise n\u00e4dala k\u00fcsimuse vastuse.<br \/>\nTeises n\u00e4dala k\u00fcsimuses uurisime kui kaua p\u00fcsib herneseeme idanemisv\u00f5imelisena. Etteantud vastusevariantidena oli pakutud 1-2 aastat, 4-6 aastat ja 8-10 aastat. \u00a0\u00d5ige vastus: herneseemnete idanemisv\u00f5ime s\u00e4ilib 4-6 aastat. K\u00f5ik \u00f5igesti vastanud kogusid viktoriinis \u00fche tarkusetera.<\/p>\n<p>N\u00fc\u00fcd aga ootab ees vaheaeg, mist\u00f5ttu me j\u00e4rgmisel n\u00e4dalal uut viktoriini k\u00fcsimust ei k\u00fcsi. Vastamiseks on avatud veel kolmanda n\u00e4dala k\u00fcsimus.<\/p>\n<p>Kolmas n\u00e4dala nipp &#8220;Ava oma loomeleeled &#8211; loomine vabastab mured&#8221; \ud83d\ude42 Loomingulisus oli kindlasti eelmise n\u00e4dala \u00fcks tunnuss\u00f5nadest, sest esitati p\u00e4ris palju konkursit\u00f6id. Veel on v\u00f5imalik seda teha 2. aprillini. Nii et loomingulisus j\u00e4tkugu. Vaheajal saad koduski veel konkursit\u00f6id teha.<\/p>\n<p>&nbsp;<\/p>\n<p>Mis saab uuel, neljandal n\u00e4dalal?<\/p>\n<p>Uuele n\u00e4dala k\u00fcsimusele vastata ei saa k\u00fcll aga tasub otsida uut n\u00e4dala nippi. J\u00e4tkuvalt saab t\u00e4ita projektip\u00e4evikut ja teha konkursi &#8220;Liblik\u00f5ieline&#8221; t\u00f6id. Taimi ei tohiks p\u00e4ris \u00e4ra unustada. Kindlasti vajavad nad kastmist.<\/p>\n<p>Projekti meeskond soovib k\u00f5ikidele s\u00f5pradele \u00e4gedat ja aktiivset vaheaja n\u00e4dalat! \ud83d\ude42<\/p>\n<p><strong>Ja pane t\u00e4hele! Esmasp\u00e4eval, 20. m\u00e4rtsil kell 12.29 algab KEVAD!\u00a0<\/strong><br \/>\nOtsi kevadet. P\u00fc\u00fca see kinni ja jaga s\u00f5bradega.<\/p>\n","protected":false},"excerpt":{"rendered":"<p>Head s\u00f5brad! Juba kolmas\u00a0projekti n\u00e4dal on m\u00f6\u00f6da saanud. V\u00f5tame taas n\u00e4dala kokku ja vaatame natuke tagasi ja ka edasi&#8230; Kolmas n\u00e4dal on pea k\u00f5ikidele s\u00f5pradele kaasa toonud esimesed m\u00e4rgid hernetaimede kasvamisest. Vaadake vaid kaaslaste blogidesse! R\u00f5\u00f5mu on palju, nii tegevustest kui ka tulemustest. Kahjuks on ka kurvemaid uudiseid. M\u00f5ned t\u00f6\u00f6komplektide pakid on R\u00e4pinasse tagasitee leidnud. P\u00f5hjuseks &#8211; hoiut\u00e4htaja \u00fcletamine. Siin teeme kindlasti individuaalsed kokkulepped, kuidas edasi&#8230; Kolmanda n\u00e4dala k\u00fcsimuses uurisime kuidas nimetatakse hernetaime kooskasvamist m\u00fcgarbakteritega? Etteantud valikuteks oli antud s\u00f5nad s\u00fcndroom, s\u00fcmbioos, s\u00fcmfoonia ja s\u00fcmpaatia. Kindlasti k\u00e4ivitus suur nuputamine, m\u00f5istatamine ja uurimine. Pakutud s\u00f5nad on ju nii sarnased ja t\u00e4hendavad..<\/p>\n","protected":false},"author":2,"featured_media":0,"comment_status":"closed","ping_status":"closed","sticky":false,"template":"","format":"standard","meta":{"footnotes":""},"categories":[1],"tags":[],"class_list":["post-334","post","type-post","status-publish","format-standard","hentry","category-maaratlemata"],"_links":{"self":[{"href":"https:\/\/aianduskool.ee\/soprusetera\/wp-json\/wp\/v2\/posts\/334","targetHints":{"allow":["GET"]}}],"collection":[{"href":"https:\/\/aianduskool.ee\/soprusetera\/wp-json\/wp\/v2\/posts"}],"about":[{"href":"https:\/\/aianduskool.ee\/soprusetera\/wp-json\/wp\/v2\/types\/post"}],"author":[{"embeddable":true,"href":"https:\/\/aianduskool.ee\/soprusetera\/wp-json\/wp\/v2\/users\/2"}],"replies":[{"embeddable":true,"href":"https:\/\/aianduskool.ee\/soprusetera\/wp-json\/wp\/v2\/comments?post=334"}],"version-history":[{"count":4,"href":"https:\/\/aianduskool.ee\/soprusetera\/wp-json\/wp\/v2\/posts\/334\/revisions"}],"predecessor-version":[{"id":338,"href":"https:\/\/aianduskool.ee\/soprusetera\/wp-json\/wp\/v2\/posts\/334\/revisions\/338"}],"wp:attachment":[{"href":"https:\/\/aianduskool.ee\/soprusetera\/wp-json\/wp\/v2\/media?parent=334"}],"wp:term":[{"taxonomy":"category","embeddable":true,"href":"https:\/\/aianduskool.ee\/soprusetera\/wp-json\/wp\/v2\/categories?post=334"},{"taxonomy":"post_tag","embeddable":true,"href":"https:\/\/aianduskool.ee\/soprusetera\/wp-json\/wp\/v2\/tags?post=334"}],"curies":[{"name":"wp","href":"https:\/\/api.w.org\/{rel}","templated":true}]}}