{"id":188,"date":"2020-02-15T13:32:32","date_gmt":"2020-02-15T11:32:32","guid":{"rendered":"https:\/\/aianduskool.ee\/soprusetera2020\/?p=188"},"modified":"2020-02-17T16:42:42","modified_gmt":"2020-02-17T14:42:42","slug":"esimene-nadal-projekt-algas","status":"publish","type":"post","link":"https:\/\/aianduskool.ee\/soprusetera2020\/esimene-nadal-projekt-algas\/","title":{"rendered":"Esimene n\u00e4dal &#8211; projekt algas!"},"content":{"rendered":"<p>Head s\u00f5brad!<\/p>\n<p>Algab meie projekti esimene n\u00e4dal.<\/p>\n<p>Suur-suur ait\u00e4h k\u00f5igile, kes on meid seemnete k\u00e4ttesaamisest teavitanud. See on suurep\u00e4rane, et seemned on kohale j\u00f5udnud ning valmis k\u00fclvamiseks. Meie hulgas on aga ka neid, kes veel ei ole seemneid k\u00e4tte saanud. Usun, et need ka kohe-kohe saabuvad.<\/p>\n<p>N\u00fc\u00fcd aga sellest, mis edasi juhtuma hakkab.<\/p>\n<p><span style=\"color: #ccffcc;\"><b>1.\u00a0n\u00e4dal (17.- 23. veebruar)<\/b><\/span><\/p>\n<p>Esmasp\u00e4evast algab juba traditsioonilisele\u00a0n\u00e4dala k\u00fcsimusele (viktoriiin) vastamine. K\u00fcsimust saab n\u00e4ha ja sellele vastata, kui logida projekti kodulehele sisse men\u00fc\u00fc \u201c<a href=\"https:\/\/aianduskool.ee\/soprusetera2020\/viktoriin\/\" target=\"_blank\" rel=\"noopener noreferrer\">Viktoriin<\/a>\u201d alt. N\u00e4dala k\u00fcsimused on valikvastustega testi vormis. K\u00fcsimusele ei pea kohe vastama. V\u00f5ib teha nii: n\u00e4iteks esmasp\u00e4eval vaatate k\u00fcsimuse \u00e4ra, vastate aga hoopis neljap\u00e4eval.\u00a0N\u00e4dala k\u00fcsimusele saab vastata kahe n\u00e4dala jooksul. N\u00e4dala k\u00fcsimustele vastamisega kogume punkte ehk tarkuseteri. Iga \u00f5ige vastus annab \u00fche punkti. K\u00f5ige rohkem projekti jooksul punkte (tarkuseteri) kogunud r\u00fchma\/ klassi ootab projekti l\u00f5pus vahva \u00fcllatus!<br \/>\nVahegadel (24.02.-1.03. ja 6.-12.03.) uusi viktoriini k\u00fcsimusi ei ole.<\/p>\n<p>Algab \u00fcks konkurss: <a href=\"https:\/\/aianduskool.ee\/soprusetera2020\/2017\/02\/12\/projektipaeviku-konkurss-27-02-7-05-2017\/\" target=\"_blank\" rel=\"noopener noreferrer\">Projektip\u00e4eviku konkurss<\/a>, mis\u00a0kestab projekti\u00a0algusest l\u00f5puni (14. veebruar \u2013 4. mai).\u00a0K\u00f5iki konkursse, ka neid, mis meid edaspidi ees ootavad, saab n\u00e4ha men\u00fc\u00fc \u201c<a href=\"https:\/\/aianduskool.ee\/soprusetera2020\/konkursid\/\" target=\"_blank\" rel=\"noopener noreferrer\">Konkursid<\/a>\u201d alt.<\/p>\n<p>Kindlasti tuvuge men\u00fc\u00fc \u201c<a href=\"https:\/\/aianduskool.ee\/soprusetera2020\/katse\/\" target=\"_blank\" rel=\"noopener noreferrer\">Katse<\/a>\u201d alt katse k\u00e4igu ja kogutavate katseandmetega. Sellelt lehelt leiate abitabeli, mille v\u00f5ite endale arvutisse salvestada v\u00f5i paberile printida. Katse andmed kogume kokku projekti l\u00f5pus. Selleks loome eraldi vormi.<\/p>\n<p>Herne \u00fchine kasvatamise katse algaski 14. veebruaril. Siis v\u00f5iski seemned \u00e4ra k\u00fclvata. Herneseemned v\u00f5ib k\u00fclvata ka esimesel projekti n\u00e4dalal. Seemned p\u00fc\u00fcame katse kirjelduse j\u00e4rgi \u00e4ra k\u00fclvata (vt lehte &#8220;<a href=\"https:\/\/aianduskool.ee\/soprusetera2020\/katse\/\" target=\"_blank\" rel=\"noopener noreferrer\">Katse<\/a>&#8221; ja ka seemnete k\u00fclvamise <a href=\"https:\/\/aianduskool.ee\/soprusetera2020\/videod\/\" target=\"_blank\" rel=\"noopener noreferrer\">videot<\/a>).<\/p>\n<p>Men\u00fc\u00fcst &#8220;<a href=\"https:\/\/aianduskool.ee\/soprusetera2020\/kalender\/\" target=\"_blank\" rel=\"noopener noreferrer\">Kalender<\/a>&#8221; leiate projekti kalendri, kus on kirjas n\u00e4dalate kaupa k\u00f5ik tegevused, mis meid ees ootavad. Kalendrit t\u00e4iendatakse jooksvalt, mist\u00f5ttu tasuks sellele v\u00e4hemalt \u00fcks kord n\u00e4dalas \u00fcle vaadata.<\/p>\n<p>Kindlasti leidke projekti kodulehelt \u00fcles ka n\u00e4dala nipp. See hakkab meil igal n\u00e4dalal vahetuma. \ud83d\ude42<\/p>\n<p>Ja otsi meid Facebookist ka \u00fcles! S\u00f5prusetera FB kinnises grupis saab r\u00f5\u00f5mude ja murede \u00fcle arutleda ning pilte postitada. Uued liikmed peaksid kindlasti grupiga liitumisel esitatud k\u00fcsimustele vastama. Turvalisuse t\u00f5ttu me \u00fchtegi liiget, kes pole k\u00fcsimustele vastanud gruppi ei lisa.<\/p>\n<p>&nbsp;<\/p>\n<p><span style=\"color: #ccffcc;\"><strong>Projekti meeskond soovib k\u00f5igile s\u00f5pradele m\u00f5nusat kaasal\u00f6\u00f6mist!<\/strong><\/span><\/p>\n<p>Projekti meeskonnaga saab kontakteeruda e-kirja teel (<strong>sobrad@aianduskool.ee<\/strong>).<\/p>\n","protected":false},"excerpt":{"rendered":"<p>Head s\u00f5brad! Algab meie projekti esimene n\u00e4dal. Suur-suur ait\u00e4h k\u00f5igile, kes on meid seemnete k\u00e4ttesaamisest teavitanud. See on suurep\u00e4rane, et seemned on kohale j\u00f5udnud ning valmis k\u00fclvamiseks. Meie hulgas on aga ka neid, kes veel ei ole seemneid k\u00e4tte saanud. Usun, et need ka kohe-kohe saabuvad. N\u00fc\u00fcd aga sellest, mis edasi juhtuma hakkab. 1.\u00a0n\u00e4dal (17.- 23. veebruar) Esmasp\u00e4evast algab juba traditsioonilisele\u00a0n\u00e4dala k\u00fcsimusele (viktoriiin) vastamine. K\u00fcsimust saab n\u00e4ha ja sellele vastata, kui logida projekti kodulehele sisse men\u00fc\u00fc \u201cViktoriin\u201d alt. N\u00e4dala k\u00fcsimused on valikvastustega testi vormis. K\u00fcsimusele ei pea kohe vastama. V\u00f5ib teha nii: n\u00e4iteks esmasp\u00e4eval vaatate k\u00fcsimuse \u00e4ra, vastate aga hoopis..<\/p>\n","protected":false},"author":2,"featured_media":0,"comment_status":"closed","ping_status":"closed","sticky":false,"template":"","format":"standard","meta":{"footnotes":""},"categories":[1],"tags":[],"class_list":["post-188","post","type-post","status-publish","format-standard","hentry","category-maaratlemata"],"_links":{"self":[{"href":"https:\/\/aianduskool.ee\/soprusetera2020\/wp-json\/wp\/v2\/posts\/188","targetHints":{"allow":["GET"]}}],"collection":[{"href":"https:\/\/aianduskool.ee\/soprusetera2020\/wp-json\/wp\/v2\/posts"}],"about":[{"href":"https:\/\/aianduskool.ee\/soprusetera2020\/wp-json\/wp\/v2\/types\/post"}],"author":[{"embeddable":true,"href":"https:\/\/aianduskool.ee\/soprusetera2020\/wp-json\/wp\/v2\/users\/2"}],"replies":[{"embeddable":true,"href":"https:\/\/aianduskool.ee\/soprusetera2020\/wp-json\/wp\/v2\/comments?post=188"}],"version-history":[{"count":5,"href":"https:\/\/aianduskool.ee\/soprusetera2020\/wp-json\/wp\/v2\/posts\/188\/revisions"}],"predecessor-version":[{"id":563,"href":"https:\/\/aianduskool.ee\/soprusetera2020\/wp-json\/wp\/v2\/posts\/188\/revisions\/563"}],"wp:attachment":[{"href":"https:\/\/aianduskool.ee\/soprusetera2020\/wp-json\/wp\/v2\/media?parent=188"}],"wp:term":[{"taxonomy":"category","embeddable":true,"href":"https:\/\/aianduskool.ee\/soprusetera2020\/wp-json\/wp\/v2\/categories?post=188"},{"taxonomy":"post_tag","embeddable":true,"href":"https:\/\/aianduskool.ee\/soprusetera2020\/wp-json\/wp\/v2\/tags?post=188"}],"curies":[{"name":"wp","href":"https:\/\/api.w.org\/{rel}","templated":true}]}}