{"id":334,"date":"2020-03-09T10:17:49","date_gmt":"2020-03-09T08:17:49","guid":{"rendered":"https:\/\/aianduskool.ee\/soprusetera2020\/?p=334"},"modified":"2020-03-09T12:02:38","modified_gmt":"2020-03-09T10:02:38","slug":"3-nadala-kokkuvote","status":"publish","type":"post","link":"https:\/\/aianduskool.ee\/soprusetera2020\/3-nadala-kokkuvote\/","title":{"rendered":"3. n\u00e4dala kokkuv\u00f5te"},"content":{"rendered":"<p>Head s\u00f5brad!<\/p>\n<p>Juba kolmas\u00a0projekti n\u00e4dal on m\u00f6\u00f6da saanud. V\u00f5tame taas n\u00e4dala kokku ja vaatame natuke tagasi ja ka edasi&#8230;<\/p>\n<p>Kolmas n\u00e4dal on pea k\u00f5ikidele s\u00f5pradele kaasa toonud esimesed m\u00e4rgid hernetaimede kasvamisest. Vaadake vaid kaaslaste blogidesse! R\u00f5\u00f5mu on palju, nii tegevustest kui ka tulemustest. Selgunud on, et lillherne seemned ei taha kuidagi idaneda ning taimed kasvada. Lillherne seemnete idanemine v\u00f5ibki kauem aega v\u00f5tta. Kuna lillherne seemned on v\u00e4iksemad kui aedherne seemned, siis siin hakkab kindlasti idanemise kiirust m\u00f5jutama seemnete k\u00fclvis\u00fcgavus. Mida s\u00fcgavamale seemned k\u00fclvame, seda kauem kulub ka aega taimede t\u00e4rkamiseks.<\/p>\n<p>Tekkisid ka esimesed m\u00e4rgid taimede n\u00e4rtsimisest. Siin v\u00f5ib olla tegemist kas \u00fcle- v\u00f5i alakastmisega. Samuti v\u00f5ib ere p\u00e4ike taimi kahjustada, mist\u00f5ttu soovitame p\u00e4ikeselise ilma korral taimed aknast veidi eemale t\u00f5sta.<\/p>\n<p>&nbsp;<\/p>\n<p>Mis saab uuel, neljandal n\u00e4dalal?<\/p>\n<p>Neljandal projektin\u00e4dalal tegeleme eelk\u00f5ige taimede hooldamisega (kastmine, toestamine). Kindlasti tasub n\u00e4dala nipp \u00fcles otsida, viktoriini k\u00fcsimusele vastata ja projektip\u00e4evikut t\u00e4ita.<\/p>\n<p>14. m\u00e4rtsil on emakeelep\u00e4ev! See v\u00e4\u00e4rib kindlasti t\u00e4histamist. \ud83d\ude42<\/p>\n","protected":false},"excerpt":{"rendered":"<p>Head s\u00f5brad! Juba kolmas\u00a0projekti n\u00e4dal on m\u00f6\u00f6da saanud. V\u00f5tame taas n\u00e4dala kokku ja vaatame natuke tagasi ja ka edasi&#8230; Kolmas n\u00e4dal on pea k\u00f5ikidele s\u00f5pradele kaasa toonud esimesed m\u00e4rgid hernetaimede kasvamisest. Vaadake vaid kaaslaste blogidesse! R\u00f5\u00f5mu on palju, nii tegevustest kui ka tulemustest. Selgunud on, et lillherne seemned ei taha kuidagi idaneda ning taimed kasvada. Lillherne seemnete idanemine v\u00f5ibki kauem aega v\u00f5tta. Kuna lillherne seemned on v\u00e4iksemad kui aedherne seemned, siis siin hakkab kindlasti idanemise kiirust m\u00f5jutama seemnete k\u00fclvis\u00fcgavus. Mida s\u00fcgavamale seemned k\u00fclvame, seda kauem kulub ka aega taimede t\u00e4rkamiseks. Tekkisid ka esimesed m\u00e4rgid taimede n\u00e4rtsimisest. Siin v\u00f5ib olla tegemist..<\/p>\n","protected":false},"author":2,"featured_media":0,"comment_status":"closed","ping_status":"closed","sticky":false,"template":"","format":"standard","meta":{"footnotes":""},"categories":[1],"tags":[],"class_list":["post-334","post","type-post","status-publish","format-standard","hentry","category-maaratlemata"],"_links":{"self":[{"href":"https:\/\/aianduskool.ee\/soprusetera2020\/wp-json\/wp\/v2\/posts\/334","targetHints":{"allow":["GET"]}}],"collection":[{"href":"https:\/\/aianduskool.ee\/soprusetera2020\/wp-json\/wp\/v2\/posts"}],"about":[{"href":"https:\/\/aianduskool.ee\/soprusetera2020\/wp-json\/wp\/v2\/types\/post"}],"author":[{"embeddable":true,"href":"https:\/\/aianduskool.ee\/soprusetera2020\/wp-json\/wp\/v2\/users\/2"}],"replies":[{"embeddable":true,"href":"https:\/\/aianduskool.ee\/soprusetera2020\/wp-json\/wp\/v2\/comments?post=334"}],"version-history":[{"count":5,"href":"https:\/\/aianduskool.ee\/soprusetera2020\/wp-json\/wp\/v2\/posts\/334\/revisions"}],"predecessor-version":[{"id":603,"href":"https:\/\/aianduskool.ee\/soprusetera2020\/wp-json\/wp\/v2\/posts\/334\/revisions\/603"}],"wp:attachment":[{"href":"https:\/\/aianduskool.ee\/soprusetera2020\/wp-json\/wp\/v2\/media?parent=334"}],"wp:term":[{"taxonomy":"category","embeddable":true,"href":"https:\/\/aianduskool.ee\/soprusetera2020\/wp-json\/wp\/v2\/categories?post=334"},{"taxonomy":"post_tag","embeddable":true,"href":"https:\/\/aianduskool.ee\/soprusetera2020\/wp-json\/wp\/v2\/tags?post=334"}],"curies":[{"name":"wp","href":"https:\/\/api.w.org\/{rel}","templated":true}]}}