{"id":480,"date":"2020-05-25T14:45:26","date_gmt":"2020-05-25T11:45:26","guid":{"rendered":"https:\/\/aianduskool.ee\/soprusetera2020\/?p=480"},"modified":"2020-05-25T15:19:05","modified_gmt":"2020-05-25T12:19:05","slug":"tulemused-projektipaevik","status":"publish","type":"post","link":"https:\/\/aianduskool.ee\/soprusetera2020\/tulemused-projektipaevik\/","title":{"rendered":"Tulemused &#8220;Projektip\u00e4evik&#8221;"},"content":{"rendered":"<p>&nbsp;<\/p>\n<p>Taimeprojekti &#8220;S\u00f5prusetera&#8221; alguses kutsusime k\u00f5iki osalema projektip\u00e4eviku konkursil. Nimekirja saime kokku <a href=\"https:\/\/aianduskool.ee\/soprusetera2020\/osalejate-projektipaevikud\/\" target=\"_blank\" rel=\"noopener noreferrer\">43 blogi ja p\u00e4evikut<\/a>, mis n\u00e4itasid, kuidas projektis osalemine ja hernete kasvatamine toimus. Samuti v\u00f5is projektip\u00e4evikutest n\u00e4dalate kaupa lugeda, kuidas vastati viktoriini k\u00fcsimustele, kuidas osaleti teistel v\u00f5istlustel jms. Blogidesse postitati v\u00e4ga palju pilte ja videoid. Eriolukorrast olenemata p\u00fc\u00fcti hernetaimi edasi kasvatada kas koolis, lasetaias v\u00f5i siis juba kodudes. V\u00e4ga heaks konkursit\u00f6\u00f6ks luges \u017e\u00fcrii just sellist, mis kajastas projekti algusest l\u00f5puni.<\/p>\n<p>\u017d\u00fcriil oli v\u00e4ga keeruline v\u00e4lja selgitada \u00e4gedamad projektip\u00e4evikud, sest k\u00f5ik on olnud tublid ja loonud oman\u00e4olise projektip\u00e4eviku, mida s\u00f5prade, vanemate ja teiste pere liikmetega jagada. Kindlasti oli neidki, kes blogi tegemise esmakordselt ette v\u00f5tsid.<\/p>\n<p>V\u00f5istlus oli \u00e4\u00e4rmiselt tasav\u00e4gine &#8211; aga nagu \u00fchele v\u00f5istlusele kohane, tuleb v\u00f5itjad ikka v\u00e4lja kuulutada! \ud83d\ude42<\/p>\n<p><span style=\"color: #ccffcc;\"><strong>I koht<\/strong><\/span><br \/>\nTallinna Lasteaed S\u00fcdameke, \u00d5nneterakeste r\u00fchm\u00a0 &#8211; <a href=\"https:\/\/onneterakesed.blogspot.com\/\" target=\"_blank\" rel=\"noopener noreferrer\">projektip\u00e4evik<\/a><\/p>\n<p><strong><span style=\"color: #ccffcc;\">II koht<\/span><\/strong><br \/>\nMelliste Algkool-Lasteaed, 1. klass &#8211;\u00a0<a href=\"http:\/\/melliste3.simplesite.com\/441869321\" target=\"_blank\" rel=\"noopener noreferrer\">projektip\u00e4evik<\/a><\/p>\n<p><span style=\"color: #ccffcc;\"><strong>III koht<\/strong><\/span><br \/>\nN\u00f5lvaku Lasteaed, Liblikate r\u00fchm\u00a0 &#8211; <a href=\"https:\/\/nolvakuliblikad.blogspot.com\/\" target=\"_blank\" rel=\"noopener noreferrer\">projektip\u00e4evik<\/a><\/p>\n<p><span style=\"color: #ccffcc;\"><strong>\u00d5petaja Liisi eripreemia<\/strong><\/span> saab Tabasalu Teelahkme Lasteaed, Punane r\u00fchm &#8211; <a href=\"https:\/\/punanetera.wordpress.com\/\" target=\"_blank\" rel=\"noopener noreferrer\">projektip\u00e4evik<\/a> Imponeeriv oli just see, et eriolukorra t\u00f5ttu k\u00f5ik hernetaimed kahjuks h\u00e4visid kuid lapsed ei kaotanud huvi ja julgust ning kasvatasid ise kodus erinevaid taimi.<\/p>\n<p>\u017d\u00fcrii t\u00f5stis esile veel neidki p\u00e4evikuid:<br \/>\nTallinna Mustakivi Lasteaed, Lepatriinu ja Tarekese r\u00fchmad- <a href=\"https:\/\/www.facebook.com\/groups\/763889080685809\/\" target=\"_blank\" rel=\"noopener noreferrer\">projektip\u00e4evik<\/a><br \/>\nValga P\u00f5hikool, 2. d klass &#8211; <a href=\"http:\/\/hernekesed.simplesite.com\/\" target=\"_blank\" rel=\"noopener noreferrer\">projektip\u00e4evik<\/a><br \/>\nV\u00f5ru Lasteaed S\u00f5leke, R\u00f5\u00f5mulindude r\u00fchm &#8211; <a href=\"https:\/\/roomulinnud.blogspot.com\/\" target=\"_blank\" rel=\"noopener noreferrer\">projektip\u00e4evik<\/a><\/p>\n<p>Palju, palju \u00a0\u00f5nne! \ud83d\ude42<\/p>\n<p>Suured t\u00e4nud blogijatele\u00a0ja juhendajatele!<br \/>\nAuhinnad pannakse peagi postiga teie poole teele.<\/p>\n","protected":false},"excerpt":{"rendered":"<p>&nbsp; Taimeprojekti &#8220;S\u00f5prusetera&#8221; alguses kutsusime k\u00f5iki osalema projektip\u00e4eviku konkursil. Nimekirja saime kokku 43 blogi ja p\u00e4evikut, mis n\u00e4itasid, kuidas projektis osalemine ja hernete kasvatamine toimus. Samuti v\u00f5is projektip\u00e4evikutest n\u00e4dalate kaupa lugeda, kuidas vastati viktoriini k\u00fcsimustele, kuidas osaleti teistel v\u00f5istlustel jms. Blogidesse postitati v\u00e4ga palju pilte ja videoid. Eriolukorrast olenemata p\u00fc\u00fcti hernetaimi edasi kasvatada kas koolis, lasetaias v\u00f5i siis juba kodudes. V\u00e4ga heaks konkursit\u00f6\u00f6ks luges \u017e\u00fcrii just sellist, mis kajastas projekti algusest l\u00f5puni. \u017d\u00fcriil oli v\u00e4ga keeruline v\u00e4lja selgitada \u00e4gedamad projektip\u00e4evikud, sest k\u00f5ik on olnud tublid ja loonud oman\u00e4olise projektip\u00e4eviku, mida s\u00f5prade, vanemate ja teiste pere liikmetega jagada. Kindlasti oli neidki,..<\/p>\n","protected":false},"author":2,"featured_media":0,"comment_status":"closed","ping_status":"closed","sticky":false,"template":"","format":"standard","meta":{"footnotes":""},"categories":[1],"tags":[],"class_list":["post-480","post","type-post","status-publish","format-standard","hentry","category-maaratlemata"],"_links":{"self":[{"href":"https:\/\/aianduskool.ee\/soprusetera2020\/wp-json\/wp\/v2\/posts\/480","targetHints":{"allow":["GET"]}}],"collection":[{"href":"https:\/\/aianduskool.ee\/soprusetera2020\/wp-json\/wp\/v2\/posts"}],"about":[{"href":"https:\/\/aianduskool.ee\/soprusetera2020\/wp-json\/wp\/v2\/types\/post"}],"author":[{"embeddable":true,"href":"https:\/\/aianduskool.ee\/soprusetera2020\/wp-json\/wp\/v2\/users\/2"}],"replies":[{"embeddable":true,"href":"https:\/\/aianduskool.ee\/soprusetera2020\/wp-json\/wp\/v2\/comments?post=480"}],"version-history":[{"count":5,"href":"https:\/\/aianduskool.ee\/soprusetera2020\/wp-json\/wp\/v2\/posts\/480\/revisions"}],"predecessor-version":[{"id":657,"href":"https:\/\/aianduskool.ee\/soprusetera2020\/wp-json\/wp\/v2\/posts\/480\/revisions\/657"}],"wp:attachment":[{"href":"https:\/\/aianduskool.ee\/soprusetera2020\/wp-json\/wp\/v2\/media?parent=480"}],"wp:term":[{"taxonomy":"category","embeddable":true,"href":"https:\/\/aianduskool.ee\/soprusetera2020\/wp-json\/wp\/v2\/categories?post=480"},{"taxonomy":"post_tag","embeddable":true,"href":"https:\/\/aianduskool.ee\/soprusetera2020\/wp-json\/wp\/v2\/tags?post=480"}],"curies":[{"name":"wp","href":"https:\/\/api.w.org\/{rel}","templated":true}]}}