{"id":560,"date":"2014-05-06T21:04:38","date_gmt":"2014-05-06T18:04:38","guid":{"rendered":"http:\/\/tomatiaianduskool.ee\/?p=560"},"modified":"2015-02-07T20:02:06","modified_gmt":"2015-02-07T18:02:06","slug":"16-nadal-punakollased-lood","status":"publish","type":"post","link":"https:\/\/aianduskool.ee\/tomatiprojekt\/?p=560","title":{"rendered":"16. n\u00e4dal. Punakollased lood"},"content":{"rendered":"<p style=\"text-align: justify;\">T\u00e4nased toredad lood on seotud sellega, et mitmetel tomatis\u00f5pradel on k\u00e4es v\u00e4rvilised viljad &#8211; ja kui alguses teie r\u00f5\u00f5msaid postitusi lugedes tundus, et &#8220;kollased on k\u00e4bedamad&#8221;, siis t\u00e4na (6. mail) postitas <span style=\"color: #008000;\"><strong>Maidla Kool<\/strong><\/span> fotod oma l\u00f5busatest tomatipottidest, kus v\u00f5rdselt esindatud nii punased kui kollased viljad! <span style=\"color: #000000;\">Maidla Kooli <\/span>arendusjuht Evely Press kirjutab kommentaariks: &#8220;Meie esimesed v\u00e4rvilised tomatid. Nagu ikka, r\u00fchivad esirinnas k\u00f5ige pisemad &#8211; lasteaia s\u00f5imer\u00fchma tomatid! Teistel alles \u00f5ied ja \u00fcksikud viljad. \u00dche taime k\u00fcljes on kokku 14 tomatit!&#8221;<\/p>\n<p style=\"text-align: justify;\"><a href=\"http:\/\/aianduskool.ee\/tomatiprojekt\/wp-content\/uploads\/2014\/05\/Screen-Shot-2014-05-09-at-4.38.53-PM.png\"><img loading=\"lazy\" decoding=\"async\" class=\"alignnone size-medium wp-image-583\" src=\"http:\/\/aianduskool.ee\/tomatiprojekt\/wp-content\/uploads\/2014\/05\/Screen-Shot-2014-05-09-at-4.38.53-PM-223x300.png\" alt=\"Screen Shot 2014-05-09 MaidlaKool 0605_1\" width=\"223\" height=\"300\" srcset=\"https:\/\/aianduskool.ee\/tomatiprojekt\/wp-content\/uploads\/2014\/05\/Screen-Shot-2014-05-09-at-4.38.53-PM-223x300.png 223w, https:\/\/aianduskool.ee\/tomatiprojekt\/wp-content\/uploads\/2014\/05\/Screen-Shot-2014-05-09-at-4.38.53-PM.png 727w\" sizes=\"auto, (max-width: 223px) 100vw, 223px\" \/><\/a> \u00a0\u00a0 <a href=\"http:\/\/aianduskool.ee\/tomatiprojekt\/wp-content\/uploads\/2014\/05\/Screen-Shot-2014-05-09-at-4.40.46-PM.png\"><img loading=\"lazy\" decoding=\"async\" class=\"alignnone size-medium wp-image-584\" src=\"http:\/\/aianduskool.ee\/tomatiprojekt\/wp-content\/uploads\/2014\/05\/Screen-Shot-2014-05-09-at-4.40.46-PM-224x300.png\" alt=\"Screen Shot 2014-05-09 MaislaKool 0605_2\" width=\"224\" height=\"300\" srcset=\"https:\/\/aianduskool.ee\/tomatiprojekt\/wp-content\/uploads\/2014\/05\/Screen-Shot-2014-05-09-at-4.40.46-PM-224x300.png 224w, https:\/\/aianduskool.ee\/tomatiprojekt\/wp-content\/uploads\/2014\/05\/Screen-Shot-2014-05-09-at-4.40.46-PM.png 729w\" sizes=\"auto, (max-width: 224px) 100vw, 224px\" \/><\/a><\/p>\n<p style=\"text-align: justify;\">Samasugune tore postitus on t\u00e4na ilmunud ka <span style=\"color: #008000;\"><strong>Krootuse P\u00f5hikooli 4. klassi blogisse<\/strong> <\/span>&#8211; kaks punast &#8216;Vilmat&#8217; ja viis kollast &#8216;Venust&#8217;!<\/p>\n<p style=\"text-align: justify;\"><img decoding=\"async\" class=\"CSS_LIGHTBOX_SCALED_IMAGE_IMG\" style=\"width: 237px; height: 183px;\" src=\"http:\/\/2.bp.blogspot.com\/-TOi6N4Et-go\/U2hqrbJHUFI\/AAAAAAAAKU4\/_BcJzdwRaQw\/s1600\/S6306195.JPG\" alt=\"\" \/>\u00a0\u00a0 <img decoding=\"async\" class=\"CSS_LIGHTBOX_SCALED_IMAGE_IMG\" style=\"width: 219px; height: 181px;\" src=\"http:\/\/3.bp.blogspot.com\/-iMNBpMwVcN4\/U2hqlW6JoAI\/AAAAAAAAKUw\/aT_VSJVVZ4w\/s1600\/S6306196.JPG\" alt=\"\" \/><\/p>\n<p>Ka Krootuse P\u00f5hikooli 4. klass r\u00f5\u00f5mustas alles paar p\u00e4eva tagasi oma nooremate kaaslaste edu \u00fcle &#8211; 1.-2. klassi tomatid olid hakanud v\u00e4rvi muutma, nende omad veel mitte. N\u00fc\u00fcd paistab, et nende omad v\u00f5tsid j\u00e4rele :)!<\/p>\n<p style=\"text-align: justify;\"><span style=\"color: #008000;\"><strong>Rakvere G\u00fcmnaasiumi 5. klass<\/strong><\/span> teatab samuti:\u00a0 &#8220;Anname teada, et meil \u00fcks tomat n\u00e4itab juba punast v\u00e4rvi.&#8221;<\/p>\n<p style=\"text-align: justify;\"><span style=\"color: #008000;\"><strong>Suurem\u00f5isa Lasteaed-P\u00f5hikool<\/strong><\/span>: &#8220;Meil on r\u00f5\u00f5mustav uudis. T\u00e4na (6.05) hommikul kooli tulles ja oma taimi vaadeldes ootas meid \u00fcllatus. \u00dcks viljahakatis on hakanud v\u00e4rvi muutma, p\u00f5sk on juba punakas (&#8216;Vilma&#8217; , tavaline)&#8221;.<\/p>\n<p style=\"text-align: justify;\"><strong><span style=\"color: #008000;\">Pala lasteaia<\/span><\/strong> \u00fchel tavalise v\u00e4etisega kasvanud tomatil sai esimene kollane tomat valmis 28. aprillil. <span style=\"color: #008000;\"><strong>Kuressaare g\u00fcmnaasiumi 4.c klass:<\/strong><\/span> &#8220;Kollasel &#8216;Venusel&#8217; saime esimest valminud vilja maitsta esmasp\u00e4eval, 28. aprillil.&#8221; Tartu Kunstig\u00fcmnaasium: &#8220;\u00dcllatus! T\u00e4na kooli tulles (28.04) leidsime tavataimelt esimese kollase tomatikuuli <img decoding=\"async\" class=\"wp-smiley\" src=\"http:\/\/aianduskool.ee\/tomatiprojekt\/wp-includes\/images\/smilies\/icon_smile.gif\" alt=\":)\" \/> Ja teine on kohe-kohe kannul <img decoding=\"async\" class=\"wp-smiley\" src=\"http:\/\/aianduskool.ee\/tomatiprojekt\/wp-includes\/images\/smilies\/icon_smile.gif\" alt=\":)\" \/> Otsustasime, et kolmap\u00e4eval t\u00f5mbame loosi ja esimesed tomatiampsud leiavad s\u00f6\u00f6ja.&#8221; <span style=\"color: #008000;\"><strong>Krootuse P\u00f5hikooli 4. klassi<\/strong> <\/span>lapsed tunnevad r\u00f5\u00f5mu naaberklassi \u00fcle: &#8220;Hea uudis! Meie naabritel Krootuse P\u00f5hikooli 1.-2. klassist on Veenusel l\u00e4inud esimene tomat kollaseks. Meie tomatid paisuvad, aga ei muuda veel v\u00e4rvi. &#8220;<\/p>\n<p style=\"text-align: justify;\"><span style=\"color: #008000;\"><strong>Kilingi-N\u00f5mme 2b klass<\/strong><\/span> teatab 30. aprillil: &#8220;T\u00e4na sai p\u00f5ske pistetud esimene kollane tomat. Selle s\u00f6\u00f6nud laps kiitis, et v\u00e4ga maitsev oli.&#8221;<\/p>\n<p><span style=\"color: #008000;\"><strong>Tallinna Tondi P\u00f5hikool<\/strong><\/span> kirjutab samuti 30. aprillil: &#8220;Meie tomatid v\u00e4rvuvad juba kollaseks.&#8221;<\/p>\n<p style=\"text-align: justify;\"><span style=\"color: #008000;\"><strong>Viljandi Paalalinna Kooli 2b klass:<\/strong> <span style=\"color: #000000;\">Esmasp\u00e4eval (5.05), kooli tulles ootasid meid ees v\u00e4rvi muutnud tomatid. 9.05 s\u00f5ime juba esimesed 6 tomatit &#8211; 2 punast ja 4 kollast. Kokku lugesime taimedel 56 vilja ja \u00f5iekobaraid tuleb veel ja veel. Ajame oma tomatitega juttu ja kiidame neid.<\/span><\/span><\/p>\n<p style=\"text-align: justify;\"><span style=\"color: #008000;\"><strong>R\u00e4pina Aianduskooli \u00f5petaja Katrin,<\/strong><\/span> kes katset oma klassiruumis kaasa teeb,\u00a0 teatab ka: &#8220;Minulgi said klassis esimesed 2 tomatit kollase v\u00e4rvuse 28. aprillil.&#8221;<\/p>\n<p style=\"text-align: justify;\">Paistab, et Eestimaal tuleb tore tomatiaasta &#8211; Hiiu- ja Saaremaalt Ida-Viruni ning Tallinnast V\u00f5runi v\u00e4lja!<\/p>\n","protected":false},"excerpt":{"rendered":"<p>T\u00e4nased toredad lood on seotud sellega, et mitmetel tomatis\u00f5pradel on k\u00e4es v\u00e4rvilised viljad &#8211; ja kui alguses teie r\u00f5\u00f5msaid postitusi lugedes tundus, et &#8220;kollased on k\u00e4bedamad&#8221;, siis t\u00e4na (6. mail) postitas Maidla Kool fotod oma l\u00f5busatest tomatipottidest, kus v\u00f5rdselt esindatud nii punased kui kollased viljad! Maidla Kooli arendusjuht Evely Press kirjutab kommentaariks: &#8220;Meie esimesed v\u00e4rvilised &hellip; <a href=\"https:\/\/aianduskool.ee\/tomatiprojekt\/?p=560\" class=\"more-link\">Loe edasi <span class=\"screen-reader-text\">16. n\u00e4dal. Punakollased lood<\/span> <span class=\"meta-nav\">&rarr;<\/span><\/a><\/p>\n","protected":false},"author":2,"featured_media":0,"comment_status":"open","ping_status":"open","sticky":false,"template":"","format":"standard","meta":{"footnotes":""},"categories":[1],"tags":[],"class_list":["post-560","post","type-post","status-publish","format-standard","hentry","category-maaratlemata"],"_links":{"self":[{"href":"https:\/\/aianduskool.ee\/tomatiprojekt\/index.php?rest_route=\/wp\/v2\/posts\/560","targetHints":{"allow":["GET"]}}],"collection":[{"href":"https:\/\/aianduskool.ee\/tomatiprojekt\/index.php?rest_route=\/wp\/v2\/posts"}],"about":[{"href":"https:\/\/aianduskool.ee\/tomatiprojekt\/index.php?rest_route=\/wp\/v2\/types\/post"}],"author":[{"embeddable":true,"href":"https:\/\/aianduskool.ee\/tomatiprojekt\/index.php?rest_route=\/wp\/v2\/users\/2"}],"replies":[{"embeddable":true,"href":"https:\/\/aianduskool.ee\/tomatiprojekt\/index.php?rest_route=%2Fwp%2Fv2%2Fcomments&post=560"}],"version-history":[{"count":5,"href":"https:\/\/aianduskool.ee\/tomatiprojekt\/index.php?rest_route=\/wp\/v2\/posts\/560\/revisions"}],"predecessor-version":[{"id":752,"href":"https:\/\/aianduskool.ee\/tomatiprojekt\/index.php?rest_route=\/wp\/v2\/posts\/560\/revisions\/752"}],"wp:attachment":[{"href":"https:\/\/aianduskool.ee\/tomatiprojekt\/index.php?rest_route=%2Fwp%2Fv2%2Fmedia&parent=560"}],"wp:term":[{"taxonomy":"category","embeddable":true,"href":"https:\/\/aianduskool.ee\/tomatiprojekt\/index.php?rest_route=%2Fwp%2Fv2%2Fcategories&post=560"},{"taxonomy":"post_tag","embeddable":true,"href":"https:\/\/aianduskool.ee\/tomatiprojekt\/index.php?rest_route=%2Fwp%2Fv2%2Ftags&post=560"}],"curies":[{"name":"wp","href":"https:\/\/api.w.org\/{rel}","templated":true}]}}