{"id":67,"date":"2014-01-27T22:39:47","date_gmt":"2014-01-27T20:39:47","guid":{"rendered":"http:\/\/tomatiaianduskool.ee\/?p=67"},"modified":"2015-02-07T20:33:48","modified_gmt":"2015-02-07T18:33:48","slug":"1-nadal-tarkamine","status":"publish","type":"post","link":"https:\/\/aianduskool.ee\/tomatiprojekt\/?p=67","title":{"rendered":"1. n\u00e4dal. T\u00e4rkamine."},"content":{"rendered":"<p><strong>1 N\u00c4DAL M\u00d6\u00d6DAS (27. jaanuar):<\/strong><\/p>\n<p style=\"text-align: justify;\">Esmasp\u00e4eval, 27. jaanuaril l\u00e4ks kaamera piiluma, mis n\u00e4dal tagasi k\u00fclvatud tomatiseemnetest saanud on.\u00a0 Selgus \u00fcksjagu p\u00f5nevat:<br \/>\nKasvuhoone t\u00f6\u00f6tajad hoiavad <strong>taimede t\u00e4rkamisel<\/strong> sama teraselt silma peal kui arstid-\u00e4mmaemandad <strong>lapse s\u00fcnni<\/strong> puhul! Kui aeg l\u00e4heneb, k\u00e4iakse ka n\u00e4dalavahetusel v\u00e4hemalt kaks korda p\u00e4evas vaatamas,\u00a0 kaugel asjalood on. P\u00f5hjus nimelt selles, et k\u00fclviruumis on pime (idanemiseks pole valgust vaja), kuid niipea, kui taim ninaotsakese mullast v\u00e4lja pistab, hakkab ta valgust taga otsima &#8211; ja teeb seda hirmsa kiirusega. Liiga kauaks (ja siinkohal v\u00f5ib &#8220;kaua t\u00e4hendada m\u00f5nda tundi!!) pimedasse j\u00e4\u00e4nud taimed kasvavad pikad ja n\u00f5rgukesed.<\/p>\n<p><a href=\"http:\/\/aianduskool.ee\/tomatiprojekt\/wp-content\/uploads\/2014\/01\/Screen-Shot-2014-01-29-at-1.36.48-PM.png\"><img loading=\"lazy\" decoding=\"async\" class=\"aligncenter\" src=\"http:\/\/aianduskool.ee\/tomatiprojekt\/wp-content\/uploads\/2014\/01\/Screen-Shot-2014-01-29-at-1.36.48-PM-300x227.png\" alt=\"K\u00fclvikambris Screen Shot 2014-01-29 at 1.36.48 PM\" width=\"300\" height=\"227\" \/><\/a><\/p>\n<p>Taimed on k\u00fclvikambris t\u00e4rganud.\u00a0 N\u00fc\u00fcd on nad kiiresti vaja viia loomuliku valguse k\u00e4tte.<\/p>\n<p><a href=\"http:\/\/aianduskool.ee\/tomatiprojekt\/wp-content\/uploads\/2014\/01\/ku\u0308lviruumist-kasvuhoonesse.jpg\"><img loading=\"lazy\" decoding=\"async\" class=\"aligncenter\" src=\"http:\/\/aianduskool.ee\/tomatiprojekt\/wp-content\/uploads\/2014\/01\/ku\u0308lviruumist-kasvuhoonesse-300x224.jpg\" alt=\"ku\u0308lviruumist kasvuhoonesse\" width=\"300\" height=\"224\" \/><\/a><\/p>\n<p>Sellise k\u00e4ruga s\u00f5idavad vasts\u00fcndinud beebitaimed oma esimesele ekskursioonile \ud83d\ude42<\/p>\n<p><a href=\"http:\/\/aianduskool.ee\/tomatiprojekt\/wp-content\/uploads\/2014\/01\/1-nad-kasvanud.jpg\"><img loading=\"lazy\" decoding=\"async\" class=\"aligncenter\" src=\"http:\/\/aianduskool.ee\/tomatiprojekt\/wp-content\/uploads\/2014\/01\/1-nad-kasvanud-300x224.jpg\" alt=\"1 nad kasvanud\" width=\"300\" height=\"224\" \/><\/a><\/p>\n<p>Ja niisugused n\u00e4evad meie vasts\u00fcndinud v\u00e4lja.<\/p>\n<p><a href=\"http:\/\/aianduskool.ee\/tomatiprojekt\/wp-content\/uploads\/2014\/01\/1Nadal-lohakas.jpg\"><img loading=\"lazy\" decoding=\"async\" class=\"aligncenter\" src=\"http:\/\/aianduskool.ee\/tomatiprojekt\/wp-content\/uploads\/2014\/01\/1Nadal-lohakas-300x224.jpg\" alt=\"1Nadal lohakas\" width=\"300\" height=\"224\" \/><\/a><\/p>\n<p>Aga mitte k\u00f5ik taimekonteinerid ei n\u00e4e \u00fchtviisi ilusad v\u00e4lja &#8211; siin on ilmselgelt \u00fchte pesasse liig palju seemneid saanud ning osad pesad t\u00fchjaks j\u00e4\u00e4nud.<\/p>\n<p><a href=\"http:\/\/aianduskool.ee\/tomatiprojekt\/wp-content\/uploads\/2014\/01\/Screen-Shot-2014-01-29-at-1.41.18-PM.png\"><img loading=\"lazy\" decoding=\"async\" class=\"aligncenter\" src=\"http:\/\/aianduskool.ee\/tomatiprojekt\/wp-content\/uploads\/2014\/01\/Screen-Shot-2014-01-29-at-1.41.18-PM-300x223.png\" alt=\"Kasvuhoonevalguses Screen Shot\" width=\"300\" height=\"223\" \/><\/a><\/p>\n<p>Selline n\u00e4eb pilt v\u00e4lja p\u00e4rast &#8220;suurde kasvuhoonesse&#8221; kolimist.<\/p>\n","protected":false},"excerpt":{"rendered":"<p>1 N\u00c4DAL M\u00d6\u00d6DAS (27. jaanuar): Esmasp\u00e4eval, 27. jaanuaril l\u00e4ks kaamera piiluma, mis n\u00e4dal tagasi k\u00fclvatud tomatiseemnetest saanud on.\u00a0 Selgus \u00fcksjagu p\u00f5nevat: Kasvuhoone t\u00f6\u00f6tajad hoiavad taimede t\u00e4rkamisel sama teraselt silma peal kui arstid-\u00e4mmaemandad lapse s\u00fcnni puhul! Kui aeg l\u00e4heneb, k\u00e4iakse ka n\u00e4dalavahetusel v\u00e4hemalt kaks korda p\u00e4evas vaatamas,\u00a0 kaugel asjalood on. P\u00f5hjus nimelt selles, et k\u00fclviruumis on &hellip; <a href=\"https:\/\/aianduskool.ee\/tomatiprojekt\/?p=67\" class=\"more-link\">Loe edasi <span class=\"screen-reader-text\">1. n\u00e4dal. T\u00e4rkamine.<\/span> <span class=\"meta-nav\">&rarr;<\/span><\/a><\/p>\n","protected":false},"author":2,"featured_media":0,"comment_status":"open","ping_status":"open","sticky":false,"template":"","format":"standard","meta":{"footnotes":""},"categories":[1],"tags":[],"class_list":["post-67","post","type-post","status-publish","format-standard","hentry","category-maaratlemata"],"_links":{"self":[{"href":"https:\/\/aianduskool.ee\/tomatiprojekt\/index.php?rest_route=\/wp\/v2\/posts\/67","targetHints":{"allow":["GET"]}}],"collection":[{"href":"https:\/\/aianduskool.ee\/tomatiprojekt\/index.php?rest_route=\/wp\/v2\/posts"}],"about":[{"href":"https:\/\/aianduskool.ee\/tomatiprojekt\/index.php?rest_route=\/wp\/v2\/types\/post"}],"author":[{"embeddable":true,"href":"https:\/\/aianduskool.ee\/tomatiprojekt\/index.php?rest_route=\/wp\/v2\/users\/2"}],"replies":[{"embeddable":true,"href":"https:\/\/aianduskool.ee\/tomatiprojekt\/index.php?rest_route=%2Fwp%2Fv2%2Fcomments&post=67"}],"version-history":[{"count":5,"href":"https:\/\/aianduskool.ee\/tomatiprojekt\/index.php?rest_route=\/wp\/v2\/posts\/67\/revisions"}],"predecessor-version":[{"id":764,"href":"https:\/\/aianduskool.ee\/tomatiprojekt\/index.php?rest_route=\/wp\/v2\/posts\/67\/revisions\/764"}],"wp:attachment":[{"href":"https:\/\/aianduskool.ee\/tomatiprojekt\/index.php?rest_route=%2Fwp%2Fv2%2Fmedia&parent=67"}],"wp:term":[{"taxonomy":"category","embeddable":true,"href":"https:\/\/aianduskool.ee\/tomatiprojekt\/index.php?rest_route=%2Fwp%2Fv2%2Fcategories&post=67"},{"taxonomy":"post_tag","embeddable":true,"href":"https:\/\/aianduskool.ee\/tomatiprojekt\/index.php?rest_route=%2Fwp%2Fv2%2Ftags&post=67"}],"curies":[{"name":"wp","href":"https:\/\/api.w.org\/{rel}","templated":true}]}}