{"id":96,"date":"2014-02-04T19:37:49","date_gmt":"2014-02-04T17:37:49","guid":{"rendered":"http:\/\/tomatiaianduskool.ee\/?p=96"},"modified":"2015-02-07T20:28:44","modified_gmt":"2015-02-07T18:28:44","slug":"2-nadal-taimebeebid-on-varvi-muutnud","status":"publish","type":"post","link":"https:\/\/aianduskool.ee\/tomatiprojekt\/?p=96","title":{"rendered":"2. n\u00e4dal. Taimebeebid on v\u00e4rvi muutnud"},"content":{"rendered":"<p style=\"text-align: justify;\">Kui inimlapsed on ilmale tulles s\u00fcnnipingutusest punased ja siis muutuvad &#8220;valgeks&#8221; (meie rassi puhul), siis tomatibeebidega on t\u00e4pselt vastupidi.<\/p>\n<p style=\"text-align: justify;\">Tuletame meelde &#8211; 2 n\u00e4dalat tagasi (20.\u00a0 jaanuaril) k\u00fclvasime. N\u00e4dal tagasi (27.\u00a0 jaanuaril) olid seemned t\u00e4rganud ja v\u00e4ikese valge varre otsa idulehed kasvatanud. N\u00fc\u00fcd, j\u00e4lle t\u00e4pselt n\u00e4dal hiljem (3. veebruaril) on taimebeebid mitte k\u00fcll teab-mis pikemaks kasvanud, kuid nende vars on t\u00fckk maad tugevam ning punakas. M\u00f5ned eriti v\u00e4ledad on juba idulehtede k\u00f5rvale ka &#8220;p\u00e4ris-lehtesid&#8221; kasvatama hakanud.<br \/>\n<a href=\"http:\/\/aianduskool.ee\/tomatiprojekt\/wp-content\/uploads\/2014\/02\/1560694_580427152048966_580838248_n.jpg\"><img loading=\"lazy\" decoding=\"async\" class=\"size-medium wp-image-97 aligncenter\" src=\"http:\/\/aianduskool.ee\/tomatiprojekt\/wp-content\/uploads\/2014\/02\/1560694_580427152048966_580838248_n-300x200.jpg\" alt=\"taimed1 03022014\" width=\"300\" height=\"200\" srcset=\"https:\/\/aianduskool.ee\/tomatiprojekt\/wp-content\/uploads\/2014\/02\/1560694_580427152048966_580838248_n-300x200.jpg 300w, https:\/\/aianduskool.ee\/tomatiprojekt\/wp-content\/uploads\/2014\/02\/1560694_580427152048966_580838248_n.jpg 960w\" sizes=\"auto, (max-width: 300px) 100vw, 300px\" \/><\/a>J\u00e4rgmisel pildil ongi \u00f5ige pisut n\u00e4ha idulehtede vahelt kasvavat &#8220;p\u00e4ris-lehte&#8221;. Ja pildil klikates saad n\u00e4ha, kui karvaseks nad on l\u00e4inud!<\/p>\n<p><a href=\"http:\/\/aianduskool.ee\/tomatiprojekt\/wp-content\/uploads\/2014\/02\/1798488_580426962048985_552004450_n.jpg\"><img loading=\"lazy\" decoding=\"async\" class=\"size-medium wp-image-99 aligncenter\" src=\"http:\/\/aianduskool.ee\/tomatiprojekt\/wp-content\/uploads\/2014\/02\/1798488_580426962048985_552004450_n-300x200.jpg\" alt=\"taimed3 03022014\" width=\"300\" height=\"200\" srcset=\"https:\/\/aianduskool.ee\/tomatiprojekt\/wp-content\/uploads\/2014\/02\/1798488_580426962048985_552004450_n-300x200.jpg 300w, https:\/\/aianduskool.ee\/tomatiprojekt\/wp-content\/uploads\/2014\/02\/1798488_580426962048985_552004450_n.jpg 960w\" sizes=\"auto, (max-width: 300px) 100vw, 300px\" \/><\/a>Kui kiirelt kasvamine edasi v\u00f5ib minna &#8211; palun, j\u00e4rgmisel pildil on v\u00f5rdluseks t\u00e4pselt n\u00e4dal vanemad taimed:<\/p>\n<p style=\"text-align: justify;\"><a href=\"http:\/\/aianduskool.ee\/tomatiprojekt\/wp-content\/uploads\/2014\/02\/N\u00e4dal-vanemad-2.jpg\"><img loading=\"lazy\" decoding=\"async\" class=\"size-medium wp-image-101 aligncenter\" src=\"http:\/\/aianduskool.ee\/tomatiprojekt\/wp-content\/uploads\/2014\/02\/N\u00e4dal-vanemad-2-300x224.jpg\" alt=\"N\u00e4dal vanemad 2\" width=\"300\" height=\"224\" srcset=\"https:\/\/aianduskool.ee\/tomatiprojekt\/wp-content\/uploads\/2014\/02\/N\u00e4dal-vanemad-2-300x224.jpg 300w, https:\/\/aianduskool.ee\/tomatiprojekt\/wp-content\/uploads\/2014\/02\/N\u00e4dal-vanemad-2.jpg 960w\" sizes=\"auto, (max-width: 300px) 100vw, 300px\" \/><\/a>Kuna oleme lubanud taimedele ka v\u00e4etised kaasa anda &#8211; kahele taimele &#8220;mahe&#8221;,\u00a0 kahele &#8220;tavalise&#8221; v\u00e4etise, siis k\u00e4ib aianduskoolis praegu suur v\u00e4etiste \u00fcmberpakendamine.<\/p>\n<p style=\"text-align: justify;\">J\u00e4rgmistel piltidel pakendavad keskkonnakaitse eriala \u00f5pilased keskkonnakeemia tunnis \u00fcmber Kekkil\u00e4 veeslahustuvat v\u00e4etist Superex 12-5-27.<\/p>\n<p><a href=\"http:\/\/aianduskool.ee\/tomatiprojekt\/wp-content\/uploads\/2014\/02\/pakendamine.jpg\"><img loading=\"lazy\" decoding=\"async\" class=\"size-medium wp-image-104 aligncenter\" src=\"http:\/\/aianduskool.ee\/tomatiprojekt\/wp-content\/uploads\/2014\/02\/pakendamine-300x224.jpg\" alt=\"pakendamine\" width=\"300\" height=\"224\" srcset=\"https:\/\/aianduskool.ee\/tomatiprojekt\/wp-content\/uploads\/2014\/02\/pakendamine-300x224.jpg 300w, https:\/\/aianduskool.ee\/tomatiprojekt\/wp-content\/uploads\/2014\/02\/pakendamine.jpg 960w\" sizes=\"auto, (max-width: 300px) 100vw, 300px\" \/><\/a><\/p>\n<p><a href=\"http:\/\/aianduskool.ee\/tomatiprojekt\/wp-content\/uploads\/2014\/02\/vaetise-kaalumine.jpg\"><img loading=\"lazy\" decoding=\"async\" class=\"size-medium wp-image-100 aligncenter\" src=\"http:\/\/aianduskool.ee\/tomatiprojekt\/wp-content\/uploads\/2014\/02\/vaetise-kaalumine-300x224.jpg\" alt=\"vaetise kaalumine\" width=\"300\" height=\"224\" srcset=\"https:\/\/aianduskool.ee\/tomatiprojekt\/wp-content\/uploads\/2014\/02\/vaetise-kaalumine-300x224.jpg 300w, https:\/\/aianduskool.ee\/tomatiprojekt\/wp-content\/uploads\/2014\/02\/vaetise-kaalumine-1024x764.jpg 1024w\" sizes=\"auto, (max-width: 300px) 100vw, 300px\" \/><\/a>Kahele taimele piisab kogu kasvuperioodiks 7 grammist.<\/p>\n<p><a href=\"http:\/\/aianduskool.ee\/tomatiprojekt\/wp-content\/uploads\/2014\/02\/7-grammi.jpg\"><img loading=\"lazy\" decoding=\"async\" class=\"size-medium wp-image-102 aligncenter\" src=\"http:\/\/aianduskool.ee\/tomatiprojekt\/wp-content\/uploads\/2014\/02\/7-grammi-300x224.jpg\" alt=\"7 grammi\" width=\"300\" height=\"224\" srcset=\"https:\/\/aianduskool.ee\/tomatiprojekt\/wp-content\/uploads\/2014\/02\/7-grammi-300x224.jpg 300w, https:\/\/aianduskool.ee\/tomatiprojekt\/wp-content\/uploads\/2014\/02\/7-grammi.jpg 960w\" sizes=\"auto, (max-width: 300px) 100vw, 300px\" \/><\/a>Niidugune n\u00e4eb Kekkil\u00e4 veeslahustuv v\u00e4etist Superex 12-5-27 l\u00e4hemalt vaadates v\u00e4lja:<\/p>\n<p style=\"text-align: center;\"><a href=\"http:\/\/aianduskool.ee\/tomatiprojekt\/wp-content\/uploads\/2014\/02\/Kekkil\u00e4-veeslahustuv-v\u00e4etis-superex12-5-27.jpg\"><img loading=\"lazy\" decoding=\"async\" class=\"alignnone size-medium wp-image-103\" src=\"http:\/\/aianduskool.ee\/tomatiprojekt\/wp-content\/uploads\/2014\/02\/Kekkil\u00e4-veeslahustuv-v\u00e4etis-superex12-5-27-300x224.jpg\" alt=\"Kekkil\u00e4 veeslahustuv v\u00e4etis superex12-5-27\" width=\"300\" height=\"224\" srcset=\"https:\/\/aianduskool.ee\/tomatiprojekt\/wp-content\/uploads\/2014\/02\/Kekkil\u00e4-veeslahustuv-v\u00e4etis-superex12-5-27-300x224.jpg 300w, https:\/\/aianduskool.ee\/tomatiprojekt\/wp-content\/uploads\/2014\/02\/Kekkil\u00e4-veeslahustuv-v\u00e4etis-superex12-5-27.jpg 960w\" sizes=\"auto, (max-width: 300px) 100vw, 300px\" \/><\/a><\/p>\n<p style=\"text-align: justify;\">V\u00e4etistega tuleb \u00fcsna t\u00e4pselt ja hoolikalt ringi k\u00e4ia. Iga kotike saab kaasa tootjapoolse kasutusjuhendi. \u00c4rge ehmuge, kui see tekst k\u00e4ttesaamisel v\u00e4ga keeruline tundub &#8211; kui \u00f5ige aeg k\u00e4es, r\u00e4\u00e4gime l\u00e4hemalt \ud83d\ude42<\/p>\n<p><a href=\"http:\/\/aianduskool.ee\/tomatiprojekt\/wp-content\/uploads\/2014\/02\/klamerdamine.jpg\"><img loading=\"lazy\" decoding=\"async\" class=\"size-medium wp-image-105 aligncenter\" src=\"http:\/\/aianduskool.ee\/tomatiprojekt\/wp-content\/uploads\/2014\/02\/klamerdamine-300x224.jpg\" alt=\"klamerdamine\" width=\"300\" height=\"224\" srcset=\"https:\/\/aianduskool.ee\/tomatiprojekt\/wp-content\/uploads\/2014\/02\/klamerdamine-300x224.jpg 300w, https:\/\/aianduskool.ee\/tomatiprojekt\/wp-content\/uploads\/2014\/02\/klamerdamine.jpg 960w\" sizes=\"auto, (max-width: 300px) 100vw, 300px\" \/><\/a>L\u00f5petuseks v\u00e4ike videoklipp sellest, kuidas maastikuehituse eriala \u00f5pilased pakendasid mulla\u00f5petuse tunnis v\u00e4etist YaraLiva Calcinit ning millised n\u00e4evad t\u00e4nased taimed v\u00e4lja l\u00e4bi videokaamera silma:<\/p>\n<p><iframe loading=\"lazy\" src=\"\/\/www.youtube.com\/embed\/lOlhzzLXsRY\" width=\"560\" height=\"315\" frameborder=\"0\" allowfullscreen=\"allowfullscreen\"><\/iframe><\/p>\n<p>&nbsp;<\/p>\n<p>&nbsp;<\/p>\n","protected":false},"excerpt":{"rendered":"<p>Kui inimlapsed on ilmale tulles s\u00fcnnipingutusest punased ja siis muutuvad &#8220;valgeks&#8221; (meie rassi puhul), siis tomatibeebidega on t\u00e4pselt vastupidi. Tuletame meelde &#8211; 2 n\u00e4dalat tagasi (20.\u00a0 jaanuaril) k\u00fclvasime. N\u00e4dal tagasi (27.\u00a0 jaanuaril) olid seemned t\u00e4rganud ja v\u00e4ikese valge varre otsa idulehed kasvatanud. N\u00fc\u00fcd, j\u00e4lle t\u00e4pselt n\u00e4dal hiljem (3. veebruaril) on taimebeebid mitte k\u00fcll teab-mis pikemaks &hellip; <a href=\"https:\/\/aianduskool.ee\/tomatiprojekt\/?p=96\" class=\"more-link\">Loe edasi <span class=\"screen-reader-text\">2. n\u00e4dal. Taimebeebid on v\u00e4rvi muutnud<\/span> <span class=\"meta-nav\">&rarr;<\/span><\/a><\/p>\n","protected":false},"author":2,"featured_media":0,"comment_status":"open","ping_status":"open","sticky":false,"template":"","format":"standard","meta":{"footnotes":""},"categories":[1],"tags":[],"class_list":["post-96","post","type-post","status-publish","format-standard","hentry","category-maaratlemata"],"_links":{"self":[{"href":"https:\/\/aianduskool.ee\/tomatiprojekt\/index.php?rest_route=\/wp\/v2\/posts\/96","targetHints":{"allow":["GET"]}}],"collection":[{"href":"https:\/\/aianduskool.ee\/tomatiprojekt\/index.php?rest_route=\/wp\/v2\/posts"}],"about":[{"href":"https:\/\/aianduskool.ee\/tomatiprojekt\/index.php?rest_route=\/wp\/v2\/types\/post"}],"author":[{"embeddable":true,"href":"https:\/\/aianduskool.ee\/tomatiprojekt\/index.php?rest_route=\/wp\/v2\/users\/2"}],"replies":[{"embeddable":true,"href":"https:\/\/aianduskool.ee\/tomatiprojekt\/index.php?rest_route=%2Fwp%2Fv2%2Fcomments&post=96"}],"version-history":[{"count":5,"href":"https:\/\/aianduskool.ee\/tomatiprojekt\/index.php?rest_route=\/wp\/v2\/posts\/96\/revisions"}],"predecessor-version":[{"id":762,"href":"https:\/\/aianduskool.ee\/tomatiprojekt\/index.php?rest_route=\/wp\/v2\/posts\/96\/revisions\/762"}],"wp:attachment":[{"href":"https:\/\/aianduskool.ee\/tomatiprojekt\/index.php?rest_route=%2Fwp%2Fv2%2Fmedia&parent=96"}],"wp:term":[{"taxonomy":"category","embeddable":true,"href":"https:\/\/aianduskool.ee\/tomatiprojekt\/index.php?rest_route=%2Fwp%2Fv2%2Fcategories&post=96"},{"taxonomy":"post_tag","embeddable":true,"href":"https:\/\/aianduskool.ee\/tomatiprojekt\/index.php?rest_route=%2Fwp%2Fv2%2Ftags&post=96"}],"curies":[{"name":"wp","href":"https:\/\/api.w.org\/{rel}","templated":true}]}}